{"generator":"GNU social 2.0.2-dev","title":"Conversation","totalItems":3,"items":[{"actor":{"id":"https:\/\/ohai.social\/users\/GreenSkyOverMe","displayName":"GreenSkyOverMe (Monika)","status_net":{"avatarLinks":[{"url":"https:\/\/gnusocial.jp\/avatar\/42047-original-tmp20221128163053.webp","rel":"avatar","type":"image\/webp","width":400,"height":400},{"url":"https:\/\/gnusocial.jp\/avatar\/42047-96-20230124080717.webp","rel":"avatar","type":"image\/webp","width":96,"height":96},{"url":"https:\/\/gnusocial.jp\/avatar\/42047-48-20230124080717.webp","rel":"avatar","type":"image\/webp","width":48,"height":48},{"url":"https:\/\/gnusocial.jp\/avatar\/42047-24-20230124080717.webp","rel":"avatar","type":"image\/webp","width":24,"height":24}],"profile_info":{"local_id":"42047"}},"image":{"url":"https:\/\/gnusocial.jp\/avatar\/42047-96-20230124080717.webp","rel":"avatar","type":"image\/webp","width":96,"height":96},"objectType":"person","summary":"Developer, feminist, bi\/pan, ace, on the spectrum, cis, white, Raumzeitlaborantin, gesichtsblind, Piratin. Black lives matter, trans rights are human rights, strive for accessibility.Old account: https:\/\/mastodon.social\/@GreenSkyOverMeCalcKey\/Firefish\/Sharkey: https:\/\/kitty.social\/@GreenSkyOverMeHelp: https:\/\/ohai.social\/@GreenSkyOverMe\/tagged\/MutualAidRequest","url":"https:\/\/ohai.social\/@GreenSkyOverMe","portablecontacts_net":{"preferredUsername":"GreenSkyOverMe","displayName":"GreenSkyOverMe (Monika)","note":"Developer, feminist, bi\/pan, ace, on the spectrum, cis, white, Raumzeitlaborantin, gesichtsblind, Piratin. Black lives matter, trans rights are human rights, strive for accessibility.Old account: https:\/\/mastodon.social\/@GreenSkyOverMeCalcKey\/Firefish\/Sharkey: https:\/\/kitty.social\/@GreenSkyOverMeHelp: https:\/\/ohai.social\/@GreenSkyOverMe\/tagged\/MutualAidRequest"}},"content":"RT @GreenSkyOverMe @Pearl22 wir wissen doch alle warum. Weil der \u00d6RR leider rechtskonservativ ist und somit eine gezielte Agenda gegen alles andere f\u00e4hrt. Bezahlt von unseren Geb\u00fchren Steuern und somit eine absolut unversch\u00e4mte Verarsche.","generator":{"id":"tag:gnusocial.jp,2026-09-02:notice-source:ActivityPub","objectType":"application","status_net":{"source_code":"ActivityPub"}},"id":"https:\/\/ohai.social\/users\/GreenSkyOverMe\/statuses\/114364005748375000\/activity","object":{"id":"https:\/\/troet.cafe\/users\/Pearl22\/statuses\/114361010848867477","objectType":"note","content":"<p>Hey, <a href=\"https:\/\/troet.cafe\/tags\/%C3%96RR\" class=\"mention hashtag\" rel=\"tag\">#\u00d6RR<\/a>, warum sagt ihr zur besten Nachrichtenzeit im Radio Orte &amp; Uhrzeiten der Schei\u00df-Querfront-Osterm\u00e4rsche im Vorfeld an, w\u00e4hrend ihr \u00fcber die <a href=\"https:\/\/troet.cafe\/tags\/DemosGegenRechts\" class=\"mention hashtag\" rel=\"tag\">#DemosGegenRechts<\/a> Anfang des Jahres meist erst im nachhinein berichtet habt -  wenn \u00fcberhaupt??<\/p>","url":"https:\/\/troet.cafe\/@Pearl22\/114361010848867477","status_net":{"notice_id":null}},"to":[{"objectType":"http:\/\/activitystrea.ms\/schema\/1.0\/collection","id":"http:\/\/activityschema.org\/collection\/public"}],"status_net":{"conversation":"tag:gnusocial.jp,2025-04-19:objectType=thread:nonce=b2c1ff1d6737adfb","notice_info":{"local_id":"9636603","source":"ActivityPub","repeat_of":"9636601"}},"published":"2025-04-19T09:50:43+00:00","provider":{"objectType":"service","displayName":"GNU social JP","url":"https:\/\/gnusocial.jp\/"},"title":"GreenSkyOverMe repeated a notice by Pearl22","verb":"share","url":"https:\/\/ohai.social\/users\/GreenSkyOverMe\/statuses\/114364005748375000\/activity"},{"actor":{"id":"https:\/\/troet.cafe\/users\/Pearl22","displayName":"Pearl22 ist w\u00fctend","status_net":{"avatarLinks":[{"url":"https:\/\/gnusocial.jp\/avatar\/66684-original-tmp20221211080125.webp","rel":"avatar","type":"image\/webp","width":400,"height":400},{"url":"https:\/\/gnusocial.jp\/avatar\/66684-96-20221211080125.webp","rel":"avatar","type":"image\/webp","width":96,"height":96},{"url":"https:\/\/gnusocial.jp\/avatar\/66684-48-20221211080125.webp","rel":"avatar","type":"image\/webp","width":48,"height":48},{"url":"https:\/\/gnusocial.jp\/avatar\/66684-24-20221211080125.webp","rel":"avatar","type":"image\/webp","width":24,"height":24}],"profile_info":{"local_id":"66684"}},"image":{"url":"https:\/\/gnusocial.jp\/avatar\/66684-96-20221211080125.webp","rel":"avatar","type":"image\/webp","width":96,"height":96},"objectType":"person","summary":"leicht verpeilte linksgr\u00fcnversiffte Mama mit B\u00fcrojob, Atheistin, Feministin, gl\u00fccklich verheiratet, SciFi &amp; Fantasyfan, \u00d6PNV-Nutzerin #FCKAFD #FCKNZS #FCKPTN #TeamWissenschaft #MaskeBleibtauf #Solidarit\u00e4t mit \ud83c\udff3\ufe0f\u200d\ud83c\udf08\ud83c\uddfa\ud83c\udde6 #SlavaUkraini #BlackLivesMatter #TransRightsAreHumanRights #JinJiyanAzadi #ChronischErkrankt, #ADHD, Pronomen: sie\/ihr, Sprachen: Deutsch, EnglischInteressen: Politik, vegetarische\/vegan, #Verkehrswende, Serien &amp; Filme, Kunst, Kultur, #CatContent, Familienthemen","url":"https:\/\/troet.cafe\/@Pearl22","portablecontacts_net":{"preferredUsername":"Pearl22","displayName":"Pearl22 ist w\u00fctend","note":"leicht verpeilte linksgr\u00fcnversiffte Mama mit B\u00fcrojob, Atheistin, Feministin, gl\u00fccklich verheiratet, SciFi &amp; Fantasyfan, \u00d6PNV-Nutzerin #FCKAFD #FCKNZS #FCKPTN #TeamWissenschaft #MaskeBleibtauf #Solidarit\u00e4t mit \ud83c\udff3\ufe0f\u200d\ud83c\udf08\ud83c\uddfa\ud83c\udde6 #SlavaUkraini #BlackLivesMatter #TransRightsAreHumanRights #JinJiyanAzadi #ChronischErkrankt, #ADHD, Pronomen: sie\/ihr, Sprachen: Deutsch, EnglischInteressen: Politik, vegetarische\/vegan, #Verkehrswende, Serien &amp; Filme, Kunst, Kultur, #CatContent, Familienthemen"}},"content":"<p>Hey, <a href=\"https:\/\/troet.cafe\/tags\/%C3%96RR\" class=\"mention hashtag\" rel=\"tag\">#\u00d6RR<\/a>, warum sagt ihr zur besten Nachrichtenzeit im Radio Orte &amp; Uhrzeiten der Schei\u00df-Querfront-Osterm\u00e4rsche im Vorfeld an, w\u00e4hrend ihr \u00fcber die <a href=\"https:\/\/troet.cafe\/tags\/DemosGegenRechts\" class=\"mention hashtag\" rel=\"tag\">#DemosGegenRechts<\/a> Anfang des Jahres meist erst im nachhinein berichtet habt -  wenn \u00fcberhaupt??<\/p>","generator":{"id":"tag:gnusocial.jp,2026-09-02:notice-source:ActivityPub","objectType":"application","status_net":{"source_code":"ActivityPub"}},"id":"https:\/\/troet.cafe\/users\/Pearl22\/statuses\/114361010848867477","object":{"id":"https:\/\/troet.cafe\/users\/Pearl22\/statuses\/114361010848867477","objectType":"note","content":"<p>Hey, <a href=\"https:\/\/troet.cafe\/tags\/%C3%96RR\" class=\"mention hashtag\" rel=\"tag\">#\u00d6RR<\/a>, warum sagt ihr zur besten Nachrichtenzeit im Radio Orte &amp; Uhrzeiten der Schei\u00df-Querfront-Osterm\u00e4rsche im Vorfeld an, w\u00e4hrend ihr \u00fcber die <a href=\"https:\/\/troet.cafe\/tags\/DemosGegenRechts\" class=\"mention hashtag\" rel=\"tag\">#DemosGegenRechts<\/a> Anfang des Jahres meist erst im nachhinein berichtet habt -  wenn \u00fcberhaupt??<\/p>","url":"https:\/\/troet.cafe\/@Pearl22\/114361010848867477","status_net":{"notice_id":null},"tags":[{"objectType":"http:\/\/activityschema.org\/object\/hashtag","displayName":"demosgegenrechts"},{"objectType":"http:\/\/activityschema.org\/object\/hashtag","displayName":"orr"}]},"to":[{"objectType":"http:\/\/activitystrea.ms\/schema\/1.0\/collection","id":"http:\/\/activityschema.org\/collection\/public"}],"status_net":{"conversation":"tag:gnusocial.jp,2025-04-19:objectType=thread:nonce=b2c1ff1d6737adfb","notice_info":{"local_id":"9636601","source":"ActivityPub"}},"published":"2025-04-19T09:50:43+00:00","provider":{"objectType":"service","displayName":"GNU social JP","url":"https:\/\/gnusocial.jp\/"},"verb":"post","url":"https:\/\/troet.cafe\/@Pearl22\/114361010848867477"},{"actor":{"id":"https:\/\/mastodon.social\/users\/KlareKante","displayName":"Klare Kante","status_net":{"avatarLinks":[{"url":"https:\/\/gnusocial.jp\/avatar\/10483-original-tmp20220918113535.webp","rel":"avatar","type":"image\/webp","width":400,"height":400},{"url":"https:\/\/gnusocial.jp\/avatar\/10483-96-20240116083849.webp","rel":"avatar","type":"image\/webp","width":96,"height":96},{"url":"https:\/\/gnusocial.jp\/avatar\/10483-48-20240116083849.webp","rel":"avatar","type":"image\/webp","width":48,"height":48},{"url":"https:\/\/gnusocial.jp\/avatar\/10483-24-20240116083849.webp","rel":"avatar","type":"image\/webp","width":24,"height":24}],"profile_info":{"local_id":"10483"}},"image":{"url":"https:\/\/gnusocial.jp\/avatar\/10483-96-20240116083849.webp","rel":"avatar","type":"image\/webp","width":96,"height":96},"objectType":"person","summary":"Sarah in Hamburg \u2638\ufe0fSolidarity is the key! Pro: #Nachhaltigkeit \u267b\ufe0f#Gleichstellung #FightMisogyny #LGBTQIA+#TransRightsAreHumanRights#AntifaschistinAusAnstand #161 #Klimaschutz \ud83d\udc9a #govegan \u2764\ufe0fFu\u00dfball \ud83d\udd95DFB#StPauli \u2620\ufe0f #altona93 #SayUhAhAltona &quot;Fight Sexism - Love Football&quot; No discrimination, no discussion! #fckafd #FCKFDP #FCKCDUCSUCapitalism kills humanity!Selbsternannte Professorin f\u00fcr Potiosection &amp; Tetrapilotomie#GehtMirNichtAufDenSack#gnustp","url":"https:\/\/mastodon.social\/@KlareKante","portablecontacts_net":{"preferredUsername":"KlareKante","displayName":"Klare Kante","note":"Sarah in Hamburg \u2638\ufe0fSolidarity is the key! Pro: #Nachhaltigkeit \u267b\ufe0f#Gleichstellung #FightMisogyny #LGBTQIA+#TransRightsAreHumanRights#AntifaschistinAusAnstand #161 #Klimaschutz \ud83d\udc9a #govegan \u2764\ufe0fFu\u00dfball \ud83d\udd95DFB#StPauli \u2620\ufe0f #altona93 #SayUhAhAltona &quot;Fight Sexism - Love Football&quot; No discrimination, no discussion! #fckafd #FCKFDP #FCKCDUCSUCapitalism kills humanity!Selbsternannte Professorin f\u00fcr Potiosection &amp; Tetrapilotomie#GehtMirNichtAufDenSack#gnustp"}},"content":"<p><a href=\"https:\/\/troet.cafe\/@Pearl22\" class=\"u-url mention\">@Pearl22<\/a> wir wissen doch alle warum. Weil der \u00d6RR leider rechtskonservativ ist und somit eine gezielte Agenda gegen alles andere f\u00e4hrt. Bezahlt von unseren Geb\u00fchren Steuern und somit eine absolut unversch\u00e4mte Verarsche.<\/p>","generator":{"id":"tag:gnusocial.jp,2026-09-02:notice-source:ActivityPub","objectType":"application","status_net":{"source_code":"ActivityPub"}},"id":"https:\/\/mastodon.social\/users\/KlareKante\/statuses\/114363482080834810","object":{"id":"https:\/\/mastodon.social\/users\/KlareKante\/statuses\/114363482080834810","objectType":"note","content":"<p><a href=\"https:\/\/troet.cafe\/@Pearl22\" class=\"u-url mention\">@Pearl22<\/a> wir wissen doch alle warum. Weil der \u00d6RR leider rechtskonservativ ist und somit eine gezielte Agenda gegen alles andere f\u00e4hrt. Bezahlt von unseren Geb\u00fchren Steuern und somit eine absolut unversch\u00e4mte Verarsche.<\/p>","url":"https:\/\/mastodon.social\/@KlareKante\/114363482080834810","status_net":{"notice_id":null},"inReplyTo":{"objectType":"note","id":"https:\/\/troet.cafe\/users\/Pearl22\/statuses\/114361010848867477","url":"https:\/\/troet.cafe\/@Pearl22\/114361010848867477"}},"to":[{"objectType":"http:\/\/activitystrea.ms\/schema\/1.0\/person","id":"https:\/\/troet.cafe\/users\/Pearl22"},{"objectType":"http:\/\/activitystrea.ms\/schema\/1.0\/collection","id":"http:\/\/activityschema.org\/collection\/public"}],"status_net":{"conversation":"tag:gnusocial.jp,2025-04-19:objectType=thread:nonce=b2c1ff1d6737adfb","notice_info":{"local_id":"9636602","source":"ActivityPub"}},"published":"2025-04-19T09:50:41+00:00","provider":{"objectType":"service","displayName":"GNU social JP","url":"https:\/\/gnusocial.jp\/"},"verb":"post","url":"https:\/\/mastodon.social\/@KlareKante\/114363482080834810"}],"links":[{"url":"https:\/\/gnusocial.jp\/conversation\/4918925","rel":"alternate","type":"text\/html"}]}